{"id":2584,"date":"2020-02-12T17:09:50","date_gmt":"2020-02-12T17:09:50","guid":{"rendered":"http:\/\/amscb.com\/?p=2584"},"modified":"2020-02-12T17:09:50","modified_gmt":"2020-02-12T17:09:50","slug":"nuevas-marchas-semana-santa-2020","status":"publish","type":"post","link":"https:\/\/amscb.com\/?p=2584","title":{"rendered":"NUEVAS MARCHAS SEMANA SANTA 2020"},"content":{"rendered":"<p>Os recordamos que siguen a la venta las entradas de nuestro concierto VIII aniversario. Las pod\u00e9is adquirir en la sede de nuestra cofrad\u00eda, situada en la Calle Cipriano de la Huerga, n\u00b010, de lunes a viernes en horario de 19:30 a 21:00. Tambi\u00e9n se podr\u00e1n comprar en nuestra nave de ensayo de 21.00 a 22.30 o el d\u00eda del concierto a la puerta del evento.<\/p>\n<p>Os anticipamos que en el concierto se interpretar\u00e1, aparte de marchas ya conocidas por todos, tres nuevas incorporaciones al repertorio:<\/p>\n<ul>\n<li>\u201cJes\u00fas Despojado\u201d, una marcha cl\u00e1sica dedicada a la Hermandad de Jes\u00fas Despojado de Sevilla. Su autor es Gualberto Garc\u00eda P\u00e9rez, pero interpretaremos una rearmonizaci\u00f3n de \u00c1ngel Juan Esquivel Alarma.<\/li>\n<\/ul>\n<p>&nbsp;<\/p>\n<ul>\n<li>\u201cEterno Despojado\u201d, dedicada a la imagen de Jes\u00fas Despojado de sus Vestiduras de la Hermandad de Jes\u00fas Despojado de Alcal\u00e1 de Henares (Madrid) y cuyos autores son David de la Cruz S\u00e1nchez y Alonso Garc\u00eda Millet.<\/li>\n<\/ul>\n<p>&nbsp;<\/p>\n<ul>\n<li>\u201cLa m\u00fasica del pueblo\u201d de Francisco Javier Cebrero Arias, joven compositor sevillano y componente de la Agrupaci\u00f3n Musical Virgen de los Reyes de Sevilla y dedicada a la imagen Jes\u00fas Cautivo ante Pilato de la Hermandad de Torreblanca (Sevilla).<\/li>\n<\/ul>\n<p>&nbsp;<\/p>\n<p><a href=\"http:\/\/amscb.com\/wp-content\/uploads\/2020\/02\/WhatsApp-Image-2020-02-12-at-12.52.16.jpeg\"><img decoding=\"async\" loading=\"lazy\" class=\"size-large wp-image-2585 aligncenter\" src=\"http:\/\/amscb.com\/wp-content\/uploads\/2020\/02\/WhatsApp-Image-2020-02-12-at-12.52.16-1024x768.jpeg\" alt=\"\" width=\"960\" height=\"720\" srcset=\"https:\/\/amscb.com\/wp-content\/uploads\/2020\/02\/WhatsApp-Image-2020-02-12-at-12.52.16-1024x768.jpeg 1024w, https:\/\/amscb.com\/wp-content\/uploads\/2020\/02\/WhatsApp-Image-2020-02-12-at-12.52.16-300x225.jpeg 300w, https:\/\/amscb.com\/wp-content\/uploads\/2020\/02\/WhatsApp-Image-2020-02-12-at-12.52.16-768x576.jpeg 768w, https:\/\/amscb.com\/wp-content\/uploads\/2020\/02\/WhatsApp-Image-2020-02-12-at-12.52.16.jpeg 1600w\" sizes=\"(max-width: 960px) 100vw, 960px\" \/><\/a><\/p>\n","protected":false},"excerpt":{"rendered":"<p>Os recordamos que siguen a la venta las entradas de nuestro concierto VIII aniversario. Las pod\u00e9is adquirir en la sede de nuestra cofrad\u00eda, situada en la Calle Cipriano de la Huerga, n\u00b010, de lunes a viernes en horario de 19:30 a 21:00. Tambi\u00e9n se podr\u00e1n comprar en nuestra nave de ensayo de 21.00 a 22.30 [&hellip;]<\/p>\n","protected":false},"author":2,"featured_media":0,"comment_status":"open","ping_status":"open","sticky":false,"template":"","format":"standard","meta":[],"categories":[],"tags":[],"_links":{"self":[{"href":"https:\/\/amscb.com\/index.php?rest_route=\/wp\/v2\/posts\/2584"}],"collection":[{"href":"https:\/\/amscb.com\/index.php?rest_route=\/wp\/v2\/posts"}],"about":[{"href":"https:\/\/amscb.com\/index.php?rest_route=\/wp\/v2\/types\/post"}],"author":[{"embeddable":true,"href":"https:\/\/amscb.com\/index.php?rest_route=\/wp\/v2\/users\/2"}],"replies":[{"embeddable":true,"href":"https:\/\/amscb.com\/index.php?rest_route=%2Fwp%2Fv2%2Fcomments&post=2584"}],"version-history":[{"count":4,"href":"https:\/\/amscb.com\/index.php?rest_route=\/wp\/v2\/posts\/2584\/revisions"}],"predecessor-version":[{"id":2589,"href":"https:\/\/amscb.com\/index.php?rest_route=\/wp\/v2\/posts\/2584\/revisions\/2589"}],"wp:attachment":[{"href":"https:\/\/amscb.com\/index.php?rest_route=%2Fwp%2Fv2%2Fmedia&parent=2584"}],"wp:term":[{"taxonomy":"category","embeddable":true,"href":"https:\/\/amscb.com\/index.php?rest_route=%2Fwp%2Fv2%2Fcategories&post=2584"},{"taxonomy":"post_tag","embeddable":true,"href":"https:\/\/amscb.com\/index.php?rest_route=%2Fwp%2Fv2%2Ftags&post=2584"}],"curies":[{"name":"wp","href":"https:\/\/api.w.org\/{rel}","templated":true}]}}